[{"@context":"https:\/\/schema.org\/","@type":"Article","@id":"https:\/\/www.favanek.cz\/zivot-ve-kterem-jste-svym-panem\/#Article","mainEntityOfPage":"https:\/\/www.favanek.cz\/zivot-ve-kterem-jste-svym-panem\/","headline":"\u017divot, ve kter\u00e9m jste sv\u00fdm p\u00e1nem","name":"\u017divot, ve kter\u00e9m jste sv\u00fdm p\u00e1nem","description":"V\u011bt\u0161ina lid\u00ed vid\u00ed smysl \u017eivota v budouc\u00ed generaci \u2013 tedy jejich d\u011bt\u00ed, o kter\u00e9 pe\u010duj\u00ed a d\u00e1vaj\u00ed jim v\u0161echnu l\u00e1sku a \u010das, kter\u00fd maj\u00ed. Najdou se ale i ti, kte\u0159\u00ed v\u011b\u0159\u00ed na to, \u017ee lze \u017e\u00edt spokojen\u011b a \u0161\u0165astn\u011b i bez p\u0159\u00edtomnost\u00ed d\u011bt\u00ed, kter\u00e9 by jich omezovaly. Je v\u0161ak takov\u00fd \u017eivot skute\u010dn\u00fdm napln\u011bn\u00edm a nebudete [&hellip;]","datePublished":"2019-01-09","dateModified":"2023-05-05","author":{"@type":"Person","@id":"https:\/\/www.favanek.cz\/author\/#Person","name":"","url":"https:\/\/www.favanek.cz\/author\/","identifier":1,"image":{"@type":"ImageObject","@id":"https:\/\/secure.gravatar.com\/avatar\/1ac8c1d196a43a79bcbb7ac73dd3c643?s=96&d=mm&r=g","url":"https:\/\/secure.gravatar.com\/avatar\/1ac8c1d196a43a79bcbb7ac73dd3c643?s=96&d=mm&r=g","height":96,"width":96}},"publisher":{"@type":"Organization","name":"favanek.cz","logo":{"@type":"ImageObject","@id":"\/logo.png","url":"\/logo.png","width":600,"height":60}},"image":{"@type":"ImageObject","@id":"https:\/\/www.favanek.cz\/wp-content\/uploads\/img_a338988_w2496_t1552160300.jpg","url":"https:\/\/www.favanek.cz\/wp-content\/uploads\/img_a338988_w2496_t1552160300.jpg","height":0,"width":0},"url":"https:\/\/www.favanek.cz\/zivot-ve-kterem-jste-svym-panem\/","about":["Vzd\u011bl\u00e1n\u00ed"],"wordCount":476,"articleBody":"V\u011bt\u0161ina lid\u00ed vid\u00ed smysl \u017eivota v budouc\u00ed generaci \u2013 tedy jejich d\u011bt\u00ed, o kter\u00e9 pe\u010duj\u00ed a d\u00e1vaj\u00ed jim v\u0161echnu l\u00e1sku a \u010das, kter\u00fd maj\u00ed. Najdou se ale i ti, kte\u0159\u00ed v\u011b\u0159\u00ed na to, \u017ee lze \u017e\u00edt spokojen\u011b a \u0161\u0165astn\u011b i bez p\u0159\u00edtomnost\u00ed d\u011bt\u00ed, kter\u00e9 by jich omezovaly.\tJe v\u0161ak takov\u00fd \u017eivot skute\u010dn\u00fdm napln\u011bn\u00edm a nebudete toho litovat v p\u0159\u00edpad\u011b, \u017ee jednou zm\u011bn\u00edte n\u00e1zor?\tRodi\u010de jsou otroci d\u011bt\u00ed\tMnoho lid\u00ed, kte\u0159\u00ed d\u011bti nemaj\u00ed a d\u00edky tomu jich ani necht\u011bj\u00ed, jsou toho n\u00e1zoru, \u017ee rodi\u010de zpravidla d\u011blaj\u00ed sv\u00fdm d\u011btem pouze otroky v\u0161eho, co pot\u0159ebuj\u00ed.\tV drtiv\u00e9 v\u011bt\u0161in\u011b tomu tak je a nem\u00e1 cenu to zamlouvat. Pokud pat\u0159\u00edte mezi lidi, kte\u0159\u00ed se necht\u011bj\u00ed vzd\u00e1t sv\u00e9 svobody a \u017eivota jenom proto, aby obskakovali sv\u00e9 d\u011bti ve v\u0161em, co si poru\u010d\u00ed, nemus\u00edte se za to styd\u011bt.\tD\u011bti pot\u0159ebuj\u00ed hodn\u011b pozornosti, \u010dasu, aktivit a pomoci a s n\u00ed se obracej\u00ed na sv\u00e9 rodi\u010de, na kter\u00e9 v tomto ohledu spol\u00e9haj\u00ed. Je to ov\u0161em p\u0159irozen\u00e9, proto\u017ee jsou p\u0159\u00edli\u0161 mal\u00e9 na to, aby zvl\u00e1dly ud\u011blat v\u0161echno samy a je\u0161t\u011b dob\u0159e. A lidi, kte\u0159\u00ed si d\u011bti po\u0159izuj\u00ed, jsou si dob\u0159e v\u011bdomi toho, kolik energie a sil jich v\u00fdchova a p\u00e9\u010de o jejich ratolesti bude st\u00e1t.\tV p\u0159\u00edpad\u011b, \u017ee po nich hlavn\u011b z tohoto d\u016fvodu netou\u017e\u00edte, nic se ned\u011bje. Ka\u017ed\u00fd si sv\u016fj \u017eivot m\u016f\u017ee za\u0159\u00eddit po sv\u00e9m, proto\u017ee hodnoty a sny jsou ka\u017ed\u00e9ho z n\u00e1s jinak stanoven\u00e9. N\u011bkdo vid\u00ed \u017eivotn\u00ed styl s d\u011btmi jako ten nejv\u00edce napln\u011bn\u00fd a n\u011bkdo naopak jako t\u00edhu, kterou nechce n\u00e9st.\tNa kolik je cen\u011bn\u00e1 svoboda?\tSvoboda je n\u011bco, co v minulosti bylo pokl\u00e1dan\u00e9 za nejv\u011bt\u0161\u00ed dar a vz\u00e1cnost. V sou\u010dasnosti v\u0161ak nen\u00ed o nic m\u00e9n\u011b d\u016fle\u017eit\u00e1 a pro n\u011bkoho m\u00e1 naopak nevy\u010d\u00edslitelnou cenu.\tB\u00fdt ve sv\u00e9m \u017eivot\u011b sv\u00fdm vlastn\u00edm p\u00e1nem, rozhodovat dle vlastn\u00edho uv\u00e1\u017een\u00ed bez toho, abyste se n\u011bkomu museli p\u0159izp\u016fsobovat nebo n\u011bkoho pt\u00e1t a d\u011blat si to, co se v\u00e1m zl\u00edb\u00ed, to je neoby\u010dejn\u00e9. A je\u0161t\u011b, kdy\u017e se nemus\u00edte starat o n\u00e1zor ostatn\u00edch, to b\u00fdv\u00e1 pro n\u011bkter\u00e9 lidi velkou \u017eivotn\u00ed v\u00fdhrou a napln\u011bn\u00fdm snem.\tRovn\u011b\u017e jako sm\u011brem, kter\u00fdm se cht\u011bj\u00ed ub\u00edrat a \u017e\u00edt tak, jak si to jenom p\u0159ej\u00ed bez toho, aby se museli na n\u011bkoho ohl\u00ed\u017eet.                                                                                                                                                                                                                                                                                                                                                                                        4.7\/5 - (9 votes)        "},{"@context":"https:\/\/schema.org\/","@type":"BreadcrumbList","itemListElement":[{"@type":"ListItem","position":1,"name":"\u017divot, ve kter\u00e9m jste sv\u00fdm p\u00e1nem","item":"https:\/\/www.favanek.cz\/zivot-ve-kterem-jste-svym-panem\/#breadcrumbitem"}]}]