[{"@context":"https:\/\/schema.org\/","@type":"Article","@id":"https:\/\/www.favanek.cz\/uklidime-i-vas-dum\/#Article","mainEntityOfPage":"https:\/\/www.favanek.cz\/uklidime-i-vas-dum\/","headline":"Uklid\u00edme i v\u00e1\u0161 d\u016fm","name":"Uklid\u00edme i v\u00e1\u0161 d\u016fm","description":"Bydl\u00edte v bytov\u00e9m dom\u011b nebo v panel\u00e1ku, a u\u017e dlouh\u00e9 roky \u0159e\u0161\u00edte st\u00e1le ten stejn\u00fd probl\u00e9m s \u00faklidem? Zat\u00edmco v byt\u011b si v\u011bt\u0161ina lid\u00ed uklid\u00ed sama, co se t\u00fd\u010de spole\u010dn\u00fdch prostor v dom\u011b, pr\u00e1v\u011b tady b\u00fdv\u00e1 probl\u00e9m. B\u00fdvalo b\u011b\u017en\u00e9, \u017ee se v \u00faklidu st\u0159\u00eddaly jednotliv\u00e9 byty po t\u00fddnu, ale v\u017edycky se na\u0161el n\u011bkdo, komu to [&hellip;]","datePublished":"2025-02-25","dateModified":"2025-02-25","author":{"@type":"Person","@id":"https:\/\/www.favanek.cz\/author\/#Person","name":"","url":"https:\/\/www.favanek.cz\/author\/","identifier":1,"image":{"@type":"ImageObject","@id":"https:\/\/secure.gravatar.com\/avatar\/1ac8c1d196a43a79bcbb7ac73dd3c643?s=96&d=mm&r=g","url":"https:\/\/secure.gravatar.com\/avatar\/1ac8c1d196a43a79bcbb7ac73dd3c643?s=96&d=mm&r=g","height":96,"width":96}},"publisher":{"@type":"Organization","name":"favanek.cz","logo":{"@type":"ImageObject","@id":"\/logo.png","url":"\/logo.png","width":600,"height":60}},"image":{"@type":"ImageObject","@id":"https:\/\/www.favanek.cz\/wp-content\/uploads\/pexels-ellie-burgin-1661546-3177257.jpg","url":"https:\/\/www.favanek.cz\/wp-content\/uploads\/pexels-ellie-burgin-1661546-3177257.jpg","height":0,"width":0},"url":"https:\/\/www.favanek.cz\/uklidime-i-vas-dum\/","about":["Slu\u017eby"],"wordCount":427,"articleBody":"      Bydl\u00edte v bytov\u00e9m dom\u011b nebo v panel\u00e1ku, a u\u017e dlouh\u00e9 roky \u0159e\u0161\u00edte st\u00e1le ten stejn\u00fd probl\u00e9m s \u00faklidem? Zat\u00edmco v byt\u011b si v\u011bt\u0161ina lid\u00ed uklid\u00ed sama, co se t\u00fd\u010de spole\u010dn\u00fdch prostor v dom\u011b, pr\u00e1v\u011b tady b\u00fdv\u00e1 probl\u00e9m. B\u00fdvalo b\u011b\u017en\u00e9, \u017ee se v \u00faklidu st\u0159\u00eddaly jednotliv\u00e9 byty po t\u00fddnu, ale v\u017edycky se na\u0161el n\u011bkdo, komu to vadilo. \u010casto se st\u00e1valo a st\u00e1v\u00e1, \u017ee n\u011bkte\u0159\u00ed lid\u00e9 odm\u00edtaj\u00ed plnit svoje povinnosti, a hledaj\u00ed zp\u016fsoby, jak se \u00faklidu vyhnout. Nepod\u00edlet se na \u00faklidu spole\u010dn\u00fdch prostor je nef\u00e9r zejm\u00e9na pro ty, kte\u0159\u00ed ukl\u00edz\u00ed pravideln\u011b, proto\u017ee mus\u00ed ukl\u00edzet dvakr\u00e1t tolik. Kdo se na lidu pod\u00edlet nechce, toho nikdo nedonut\u00ed, a tak je ide\u00e1ln\u00ed se dohodnout na tom, \u017ee o \u00faklid spole\u010dn\u00fdch prostor bytov\u00fdch dom\u016f se bude starat \u00faklidov\u00e1 firma. V dne\u0161n\u00ed dob\u011b existuje na trhu skute\u010dn\u011b velk\u00e9 mno\u017estv\u00ed firem, kter\u00e9 v\u00e1m nab\u00eddnou velmi v\u00fdhodn\u00e9 ceny. Je to ide\u00e1ln\u00ed \u0159e\u0161en\u00ed pro v\u0161echny, kte\u0159\u00ed ukl\u00edz\u00ed pravideln\u011b, a i pro ty, kte\u0159\u00ed ukl\u00edzet necht\u011bj\u00ed. O \u00faklid se postar\u00e1 firma. Z\u00e1le\u017e\u00ed na tom, jak \u010dasto m\u00e1 b\u00fdt \u00faklid prov\u00e1d\u011bn, a tak\u00e9 na tom, co v\u0161echno se m\u00e1 kdy d\u011blat. Je d\u016fle\u017eit\u00e9 se sej\u00edt a dohodnout se na tom, co se m\u00e1 d\u011blat ka\u017ed\u00fd t\u00fdden, a co sta\u010d\u00ed ud\u011blat t\u0159eba jednou za m\u011bs\u00edc.Nejlep\u0161\u00ed samoz\u0159ejm\u011b je, kdy\u017e se na rozvrhu \u00faklidu domluv\u00ed v\u0161echny byty, proto\u017ee se tak p\u0159edejde dal\u0161\u00edm probl\u00e9m\u016fm ohledn\u011b toho, \u017ee n\u011bkdo nebude spokojen\u00fd s \u010detnost\u00ed a rozsahem \u00faklidu. Celkov\u00e1 m\u011bs\u00ed\u010dn\u00ed cena \u00faklidu se rozpo\u010d\u00edt\u00e1v\u00e1 na byty, tak\u017ee ka\u017ed\u00fd byt uhrad\u00ed pom\u011brn\u011b malou \u010d\u00e1stku za to, \u017ee u\u017e nikdo nebude muset ukl\u00edzet osobn\u011b. U \u00faklidov\u00e9 slu\u017eby m\u00e1te jistotu kvalitn\u00edho \u00faklidu, a i proto se rozhodn\u011b vyplat\u00ed si \u00faklid zajistit t\u00edmto zp\u016fsobem. Ud\u011blejte p\u0159\u00edtr\u017e h\u00e1dk\u00e1m a v\u00fdmluv\u00e1m, a nechte \u00faklidovou firmu, aby se o \u00faklid spole\u010dn\u00fdch prostor postarala i u v\u00e1s. Je to efektivn\u00ed, rychl\u00e9 a hlavn\u011b ide\u00e1ln\u00ed \u0159e\u0161en\u00ed pro v\u0161echny byty, proto\u017ee v\u011bt\u0161ina lid\u00ed nem\u00e1 tolik \u010dasu na \u00faklid velk\u00fdch ploch v dob\u011b, kdy by byli na \u0159ad\u011b.                                                                                                                                                                                                                                                                                                                                                                                          5\/5 - (4 votes)        "},{"@context":"https:\/\/schema.org\/","@type":"BreadcrumbList","itemListElement":[{"@type":"ListItem","position":1,"name":"Uklid\u00edme i v\u00e1\u0161 d\u016fm","item":"https:\/\/www.favanek.cz\/uklidime-i-vas-dum\/#breadcrumbitem"}]}]